[{"@context":"https:\/\/schema.org\/","@type":"Article","@id":"https:\/\/www.candid.cz\/stehovani-do-nemecka-s-profesionaly\/#Article","mainEntityOfPage":"https:\/\/www.candid.cz\/stehovani-do-nemecka-s-profesionaly\/","headline":"St\u011bhov\u00e1n\u00ed do N\u011bmecka s profesion\u00e1ly","name":"St\u011bhov\u00e1n\u00ed do N\u011bmecka s profesion\u00e1ly","description":"St\u011bhov\u00e1n\u00ed do N\u011bmecka je v podstat\u011b t\u00e9m\u011b\u0159 tot\u00e9\u017e, co st\u011bhov\u00e1n\u00ed z Karlov\u00fdch Var\u016f do Ostravy. Co se t\u00fd\u010de vzd\u00e1lenosti a geografick\u00e9 polohy zem\u011bpisn\u00e9 \u0161\u00ed\u0159ky jsou na tom ob\u011b zem\u011b zhruba stejn\u011b. Jist\u011b, \u017ee tu jsou jist\u00e9 odli\u0161nosti, nap\u0159\u00edklad n\u011bkter\u00e1 pravidla silni\u010dn\u00edho provozu, ale nejsou a\u017e tak z\u00e1sadn\u00ed, \u017ee by promlouvaly","datePublished":"2024-11-27","dateModified":"2024-11-27","author":{"@type":"Person","@id":"https:\/\/www.candid.cz\/author\/#Person","name":"","url":"https:\/\/www.candid.cz\/author\/","identifier":1,"image":{"@type":"ImageObject","@id":"https:\/\/secure.gravatar.com\/avatar\/2a487990a452554e9d027cbab96c6e6e6d3b119f22a2b3fb9e2bcb7e021cd643?s=96&d=mm&r=g","url":"https:\/\/secure.gravatar.com\/avatar\/2a487990a452554e9d027cbab96c6e6e6d3b119f22a2b3fb9e2bcb7e021cd643?s=96&d=mm&r=g","height":96,"width":96}},"publisher":{"@type":"Organization","name":"candid.cz","logo":{"@type":"ImageObject","@id":"\/logo.png","url":"\/logo.png","width":600,"height":60}},"image":{"@type":"ImageObject","@id":"https:\/\/www.candid.cz\/wp-content\/uploads\/architecture-4468573_640_1.jpg","url":"https:\/\/www.candid.cz\/wp-content\/uploads\/architecture-4468573_640_1.jpg","height":0,"width":0},"url":"https:\/\/www.candid.cz\/stehovani-do-nemecka-s-profesionaly\/","about":["Podnik\u00e1n\u00ed"],"wordCount":432,"articleBody":"   St\u011bhov\u00e1n\u00ed do N\u011bmecka je v podstat\u011b t\u00e9m\u011b\u0159 tot\u00e9\u017e, co st\u011bhov\u00e1n\u00ed z Karlov\u00fdch Var\u016f do Ostravy. Co se t\u00fd\u010de vzd\u00e1lenosti a geografick\u00e9 polohy zem\u011bpisn\u00e9 \u0161\u00ed\u0159ky jsou na tom ob\u011b zem\u011b zhruba stejn\u011b. Jist\u011b, \u017ee tu jsou jist\u00e9 odli\u0161nosti, nap\u0159\u00edklad n\u011bkter\u00e1 pravidla silni\u010dn\u00edho provozu, ale nejsou a\u017e tak z\u00e1sadn\u00ed, \u017ee by promlouvaly do samotn\u00e9ho pr\u016fb\u011bhu st\u011bhov\u00e1n\u00ed n\u011bjak z\u00e1sadn\u011b. Co byste ov\u0161em nem\u011bli podce\u0148ovat, je z\u00e1kaz vjezdu kamion\u016f o ned\u011bl\u00edch a sv\u00e1tc\u00edch a nov\u011b tak\u00e9 o pr\u00e1zdnin\u00e1ch v sobotu mezi sedmou a dvac\u00e1tou hodinou. Tomu byste m\u011bli p\u0159izp\u016fsobit v\u00e1\u0161 st\u011bhovac\u00ed re\u017eim, tedy v ide\u00e1ln\u00edm p\u0159\u00edpad\u011b p\u0159est\u011bhovat se o v\u0161edn\u00ed dny.St\u011bhov\u00e1n\u00ed do N\u011bmecka tak\u00e9 m\u016f\u017ee komplikovat proces balen\u00ed v\u011bc\u00ed a dal\u0161\u00ed p\u0159\u00edpravn\u00e9 pr\u00e1ce. Nap\u0159\u00edklad pokud pot\u0159ebujete demontovat a na nov\u00e9m m\u00edst\u011b znovu sestavit n\u00e1bytek, p\u0159en\u00e9st dlouh\u00e9 role koberc\u016f, kter\u00e9 se nesm\u00ed p\u0159eh\u00fdbat a p\u0159est\u011bhovat velk\u00e9 dom\u00e1c\u00ed spot\u0159ebi\u010de a dal\u0161\u00ed t\u011b\u017ek\u00e9 p\u0159edm\u011bty, nap\u0159\u00edklad klav\u00edr. S t\u00edm v\u0161\u00edm by v\u00e1m mohla vypomoci st\u011bhovac\u00ed firma, nemus\u00edte se pak tedy t\u011bmito probl\u00e9my zab\u00fdvat. Akce na kl\u00ed\u010d \u2013 n\u011bkomu z v\u00e1s m\u016f\u017ee vyhovovat st\u011bhov\u00e1n\u00ed na kl\u00ed\u010d, kdy si pouze sbal\u00edte cestovn\u00ed zavazadlo na p\u00e1r dn\u016f a odlet\u00edte na dovolenou, anebo za prac\u00ed. St\u011bhov\u00e1ci se pak postaraj\u00ed o v\u0161e v\u010detn\u011b balen\u00ed p\u0159edm\u011bt\u016f do kartonov\u00fdch krabic. Vy se pak p\u0159em\u00edst\u00edte po dovolen\u00e9 do nov\u00e9ho bydli\u0161t\u011b, kde bude v\u0161e nachyst\u00e1no tak, jak se dohodnete p\u0159edem. St\u011bhov\u00e1ci mohou p\u0159est\u011bhovat i kuchy\u0148skou linku, vestav\u011bnou sk\u0159\u00ed\u0148 a n\u00e1st\u011bnn\u00e9 police, mohou pak v nov\u00e9m byt\u011b nainstalovat bytov\u00e9 dopl\u0148ky a sv\u00edtidla a zapojit spot\u0159ebi\u010de.No\u010dn\u00ed st\u011bhov\u00e1n\u00ed \u2013 nap\u0159\u00edklad v l\u00e9t\u011b je v\u00fdhodn\u00e9 st\u011bhov\u00e1n\u00ed v no\u010dn\u00edch hodin\u00e1ch, proto\u017ee v noci jsou p\u0159ijateln\u011bj\u0161\u00ed teploty ovzdu\u0161\u00ed a v tuto dobu se v\u00e1m bude l\u00e9pe pracovat i pohybovat. Pokud na no\u010dn\u00ed st\u011bhov\u00e1n\u00ed st\u011bhov\u00e1ci p\u0159istoup\u00ed, m\u016f\u017ee to b\u00fdt pro v\u00e1s (a z\u0159ejm\u011b i pro st\u011bhovac\u00ed firmu) zna\u010dn\u00fdm p\u0159\u00ednosem.                                                                                                                                                                                                                                                                                                                                                                                           4.1\/5 - (8 votes)        "},{"@context":"https:\/\/schema.org\/","@type":"BreadcrumbList","itemListElement":[{"@type":"ListItem","position":1,"name":"St\u011bhov\u00e1n\u00ed do N\u011bmecka s profesion\u00e1ly","item":"https:\/\/www.candid.cz\/stehovani-do-nemecka-s-profesionaly\/#breadcrumbitem"}]}]