[{"@context":"https:\/\/schema.org\/","@type":"Article","@id":"https:\/\/www.candid.cz\/prace-s-mobilem\/#Article","mainEntityOfPage":"https:\/\/www.candid.cz\/prace-s-mobilem\/","headline":"Pr\u00e1ce s mobilem","name":"Pr\u00e1ce s mobilem","description":"Bez mobiln\u00edho telefonu u\u017e bych se opravdu v\u016fbec neobe\u0161la. Proto\u017ee pracuji v pr\u00e1ci, kde pracuji jako telefonn\u00ed oper\u00e1torka, tak\u017ee opravdu ka\u017edou chvilku a ka\u017ed\u00fd den vol\u00e1m s klienty, se kter\u00fdmi se domlouv\u00e1m na r\u016fznou pr\u00e1ci anebo jim nab\u00edz\u00edm v\u00fdrobky \u010di ostatn\u00ed slu\u017eby. J\u00e1 ve firm\u011b nab\u00edz\u00edm takov\u00e9 v\u00fdrobky, kter\u00e9 zjednodu\u0161uj\u00ed","datePublished":"2022-07-27","dateModified":"2022-07-27","author":{"@type":"Person","@id":"https:\/\/www.candid.cz\/author\/#Person","name":"","url":"https:\/\/www.candid.cz\/author\/","identifier":1,"image":{"@type":"ImageObject","@id":"https:\/\/secure.gravatar.com\/avatar\/2a487990a452554e9d027cbab96c6e6e6d3b119f22a2b3fb9e2bcb7e021cd643?s=96&d=mm&r=g","url":"https:\/\/secure.gravatar.com\/avatar\/2a487990a452554e9d027cbab96c6e6e6d3b119f22a2b3fb9e2bcb7e021cd643?s=96&d=mm&r=g","height":96,"width":96}},"publisher":{"@type":"Organization","name":"candid.cz","logo":{"@type":"ImageObject","@id":"\/logo.png","url":"\/logo.png","width":600,"height":60}},"image":{"@type":"ImageObject","@id":"https:\/\/www.candid.cz\/wp-content\/uploads\/phone-791925_960_720.jpg","url":"https:\/\/www.candid.cz\/wp-content\/uploads\/phone-791925_960_720.jpg","height":0,"width":0},"url":"https:\/\/www.candid.cz\/prace-s-mobilem\/","about":["Mobil"],"wordCount":447,"articleBody":"Bez mobiln\u00edho telefonu u\u017e bych se opravdu v\u016fbec neobe\u0161la. Proto\u017ee pracuji v pr\u00e1ci, kde pracuji jako telefonn\u00ed oper\u00e1torka, tak\u017ee opravdu ka\u017edou chvilku a ka\u017ed\u00fd den vol\u00e1m s klienty, se kter\u00fdmi se domlouv\u00e1m na r\u016fznou pr\u00e1ci anebo jim nab\u00edz\u00edm v\u00fdrobky \u010di ostatn\u00ed slu\u017eby. J\u00e1 ve firm\u011b nab\u00edz\u00edm takov\u00e9 v\u00fdrobky, kter\u00e9 zjednodu\u0161uj\u00ed dom\u00e1cnost. Nab\u00edz\u00edm t\u0159eba r\u016fzn\u00e9 hrnce nebo pokli\u010dky a taky p\u00e1nve, nejenom ale tohle. A taky nab\u00edz\u00edm perfektn\u00ed a speci\u00e1ln\u00ed \u00faklid. Proto\u017ee pokud jsou n\u011bkter\u00e9 rodiny anebo lid\u00e9, kte\u0159\u00ed v\u016fbec nest\u00edhaj\u00ed \u00faklid a nebo t\u0159eba i va\u0159en\u00ed, tak na\u0161e firma tohle v\u0161echno zajist\u00ed. Sta\u010d\u00ed s\u00e1hnout po mobilu a zavolat.Samoz\u0159ejm\u011b, \u017ee na\u0161e firma nerozv\u00e1\u017e\u00ed ob\u011bdy, jako nap\u0159\u00edklad n\u011bjak\u00e1 rozv\u00e1\u017ekov\u00e1 slu\u017eba nebo restaurace. Na\u0161e firma nab\u00edz\u00ed pr\u00e1v\u011b to, \u017ee k v\u00e1m p\u0159ijde a uva\u0159\u00ed v\u00e1m p\u0159esn\u011b to, co chcete z va\u0161ich surovin. Nebo pokud chcete uklidit cel\u00fd byt \u010di d\u016fm, tak si taky zavol\u00e1te na\u0161i firmu, kter\u00e1 tohle v\u0161echno za\u0159\u00edd\u00ed. Na\u0161e firma m\u00e1 opravdu kvalifikovan\u00e9, profesion\u00e1ln\u00ed a taky prov\u011b\u0159en\u00e9 pracovn\u00edky, se kter\u00fdmi budete jist\u011b spokojen\u00ed a nemus\u00edte se b\u00e1t, \u017ee by se stala n\u011bjak\u00e1 neplecha nebo n\u011bco \u0161patn\u00e9ho. Na\u0161e firma je prov\u011b\u0159en\u00e1 a m\u00e1 mnoho kladn\u00fdch recenz\u00ed. Sice tyto ceny jsou vysok\u00e9, ale budete r\u00e1di. Proto m\u00e1m opravdu ka\u017ed\u00fd den mobiln\u00ed telefon u sebe j\u00e1 mobiln\u00ed telefon neodkl\u00e1d\u00e1m ani ve\u010der. Proto\u017ee v\u011bt\u0161inou moji klienti volaj\u00ed na mobiln\u00ed telefon ve\u010der, proto\u017ee si vzpomenout, \u017ee druh\u00fd den maj\u00ed d\u016fle\u017eitou sch\u016fzi, tak cht\u011bj\u00ed m\u00edt doma uklizeno. Tak\u017ee abych se v\u00e1m p\u0159iznala, j\u00e1 s mobiln\u00edm telefonem vst\u00e1v\u00e1m, sp\u00edm a taky us\u00edn\u00e1m. A m\u011b to ale nevad\u00ed. Chci b\u00fdt pro sv\u00e9 klienty a z\u00e1kazn\u00edky st\u00e1le na p\u0159\u00edjmu, tak\u017ee mobiln\u00ed telefon ned\u00e1v\u00e1m v\u016fbec z ruky. Mobiln\u00ed telefon nos\u00edm jak v kapse u bundy, tak tak je v kabelce a m\u00e1m ho st\u00e1le p\u0159i sob\u011b. Kolikr\u00e1t si \u0159\u00edk\u00e1m, \u017ee si na mobiln\u00ed telefon po\u0159\u00edd\u00edm\u00a0Takovou\u00a0speci\u00e1ln\u00ed kapsi\u010dku, co pak budu muset na krku, abych mobiln\u00ed telefon n\u011bkdy nezapom\u00ednala, proto\u017ee se mi p\u00e1rkr\u00e1t stalo, \u017ee jsem mobiln\u00ed telefon n\u011bkde zapomn\u011bla.                                                                                                                                                                                                                                                                                                                                                                                        4.2\/5 - (9 votes)        "},{"@context":"https:\/\/schema.org\/","@type":"BreadcrumbList","itemListElement":[{"@type":"ListItem","position":1,"name":"Pr\u00e1ce s mobilem","item":"https:\/\/www.candid.cz\/prace-s-mobilem\/#breadcrumbitem"}]}]