{"@context":"https:\/\/schema.org\/","@type":"CollectionPage","@id":"https:\/\/www.candid.cz\/kultura\/#CollectionPage","headline":"Kultura Category","description":"","url":"https:\/\/www.candid.cz\/kultura\/","hasPart":[{"@type":"Article","@id":"https:\/\/www.candid.cz\/pokracovani-uspesnych-serialu-na-ktere-se-muzeme-tesit-v-roce-2025\/","headline":"Pokra\u010dov\u00e1n\u00ed \u00fasp\u011b\u0161n\u00fdch seri\u00e1l\u016f, na kter\u00e9 se m\u016f\u017eeme t\u011b\u0161it v roce 2025","url":"https:\/\/www.candid.cz\/pokracovani-uspesnych-serialu-na-ktere-se-muzeme-tesit-v-roce-2025\/","datePublished":"2024-04-27","dateModified":"2024-04-27","mainEntityOfPage":"https:\/\/www.candid.cz\/pokracovani-uspesnych-serialu-na-ktere-se-muzeme-tesit-v-roce-2025\/","author":{"@type":"Person","@id":"https:\/\/www.candid.cz\/author\/#Person","name":"","url":"https:\/\/www.candid.cz\/author\/","identifier":1,"image":{"@type":"ImageObject","@id":"https:\/\/secure.gravatar.com\/avatar\/2a487990a452554e9d027cbab96c6e6e6d3b119f22a2b3fb9e2bcb7e021cd643?s=96&d=mm&r=g","url":"https:\/\/secure.gravatar.com\/avatar\/2a487990a452554e9d027cbab96c6e6e6d3b119f22a2b3fb9e2bcb7e021cd643?s=96&d=mm&r=g","height":96,"width":96}},"publisher":{"@type":"Organization","name":"candid.cz","logo":{"@type":"ImageObject","@id":"\/logo.png","url":"\/logo.png","width":600,"height":60}},"image":{"@type":"ImageObject","@id":"https:\/\/www.candid.cz\/wp-content\/uploads\/augustin-foto-jonas-augustin-sZIF10zFs60-unsplash_1.jpg","url":"https:\/\/www.candid.cz\/wp-content\/uploads\/augustin-foto-jonas-augustin-sZIF10zFs60-unsplash_1.jpg","height":0,"width":0},"keywords":null},{"@type":"Article","@id":"https:\/\/www.candid.cz\/kultura-hlavni-mesto-praha\/","headline":"Kultura: Hlavn\u00ed m\u011bsto Praha","url":"https:\/\/www.candid.cz\/kultura-hlavni-mesto-praha\/","datePublished":"2020-09-24","dateModified":"2020-09-24","mainEntityOfPage":"https:\/\/www.candid.cz\/kultura-hlavni-mesto-praha\/","author":{"@type":"Person","@id":"https:\/\/www.candid.cz\/author\/#Person","name":"","url":"https:\/\/www.candid.cz\/author\/","identifier":1,"image":{"@type":"ImageObject","@id":"https:\/\/secure.gravatar.com\/avatar\/2a487990a452554e9d027cbab96c6e6e6d3b119f22a2b3fb9e2bcb7e021cd643?s=96&d=mm&r=g","url":"https:\/\/secure.gravatar.com\/avatar\/2a487990a452554e9d027cbab96c6e6e6d3b119f22a2b3fb9e2bcb7e021cd643?s=96&d=mm&r=g","height":96,"width":96}},"publisher":{"@type":"Organization","name":"candid.cz","logo":{"@type":"ImageObject","@id":"\/logo.png","url":"\/logo.png","width":600,"height":60}},"image":{"@type":"ImageObject","@id":"https:\/\/www.candid.cz\/wp-content\/uploads\/img_a288759_w2172_t1499764068.jpg","url":"https:\/\/www.candid.cz\/wp-content\/uploads\/img_a288759_w2172_t1499764068.jpg","height":0,"width":0},"keywords":null},{"@type":"Article","@id":"https:\/\/www.candid.cz\/jihomoravskeho-kraj\/","headline":"Jihomoravsk\u00e9ho kraj","url":"https:\/\/www.candid.cz\/jihomoravskeho-kraj\/","datePublished":"2019-08-10","dateModified":"2019-08-10","mainEntityOfPage":"https:\/\/www.candid.cz\/jihomoravskeho-kraj\/","author":{"@type":"Person","@id":"https:\/\/www.candid.cz\/author\/#Person","name":"","url":"https:\/\/www.candid.cz\/author\/","identifier":1,"image":{"@type":"ImageObject","@id":"https:\/\/secure.gravatar.com\/avatar\/2a487990a452554e9d027cbab96c6e6e6d3b119f22a2b3fb9e2bcb7e021cd643?s=96&d=mm&r=g","url":"https:\/\/secure.gravatar.com\/avatar\/2a487990a452554e9d027cbab96c6e6e6d3b119f22a2b3fb9e2bcb7e021cd643?s=96&d=mm&r=g","height":96,"width":96}},"publisher":{"@type":"Organization","name":"candid.cz","logo":{"@type":"ImageObject","@id":"\/logo.png","url":"\/logo.png","width":600,"height":60}},"image":{"@type":"ImageObject","@id":"https:\/\/www.candid.cz\/wp-content\/uploads\/img_a354046_w3705_t1568540253.jpg","url":"https:\/\/www.candid.cz\/wp-content\/uploads\/img_a354046_w3705_t1568540253.jpg","height":0,"width":0},"keywords":null}]}