[{"@context":"https:\/\/schema.org\/","@type":"Article","@id":"https:\/\/www.candid.cz\/jaka-bych-si-vybral-garazova-vrata\/#Article","mainEntityOfPage":"https:\/\/www.candid.cz\/jaka-bych-si-vybral-garazova-vrata\/","headline":"Jak\u00e1 bych si vybral gar\u00e1\u017eov\u00e1 vrata","name":"Jak\u00e1 bych si vybral gar\u00e1\u017eov\u00e1 vrata","description":"S b\u00fdvalou p\u0159\u00edtelkyn\u00ed jsme se p\u0159ed mnoha lety nast\u011bhovali do rodinn\u00e9ho domu typu ok\u00e1l. Objekt vy\u017eadoval stavebn\u00ed rekonstrukci, kter\u00e1 zapo\u010dala v interi\u00e9ru, a \u010dasem do\u0161lo i na v\u00fdm\u011bnu gar\u00e1\u017eov\u00fdch vrat. Gar\u00e1\u017e byla sou\u010d\u00e1st\u00ed stavby, zauj\u00edmala polohu v p\u0159\u00edzem\u00ed, zat\u00edmco d\u016fm byl vystav\u011bn ve svahu a vstupovalo se do jeho interi\u00e9ru","datePublished":"2025-12-14","dateModified":"2025-12-14","author":{"@type":"Person","@id":"https:\/\/www.candid.cz\/author\/#Person","name":"","url":"https:\/\/www.candid.cz\/author\/","identifier":1,"image":{"@type":"ImageObject","@id":"https:\/\/secure.gravatar.com\/avatar\/2a487990a452554e9d027cbab96c6e6e6d3b119f22a2b3fb9e2bcb7e021cd643?s=96&d=mm&r=g","url":"https:\/\/secure.gravatar.com\/avatar\/2a487990a452554e9d027cbab96c6e6e6d3b119f22a2b3fb9e2bcb7e021cd643?s=96&d=mm&r=g","height":96,"width":96}},"publisher":{"@type":"Organization","name":"candid.cz","logo":{"@type":"ImageObject","@id":"\/logo.png","url":"\/logo.png","width":600,"height":60}},"image":{"@type":"ImageObject","@id":"https:\/\/www.candid.cz\/wp-content\/uploads\/garage-7107544_640_4.jpg","url":"https:\/\/www.candid.cz\/wp-content\/uploads\/garage-7107544_640_4.jpg","height":0,"width":0},"url":"https:\/\/www.candid.cz\/jaka-bych-si-vybral-garazova-vrata\/","about":["Nakupov\u00e1n\u00ed"],"wordCount":400,"articleBody":"      S b\u00fdvalou p\u0159\u00edtelkyn\u00ed jsme se p\u0159ed mnoha lety nast\u011bhovali do rodinn\u00e9ho domu typu ok\u00e1l. Objekt vy\u017eadoval stavebn\u00ed rekonstrukci, kter\u00e1 zapo\u010dala v interi\u00e9ru, a \u010dasem do\u0161lo i na v\u00fdm\u011bnu gar\u00e1\u017eov\u00fdch vrat. Gar\u00e1\u017e byla sou\u010d\u00e1st\u00ed stavby, zauj\u00edmala polohu v p\u0159\u00edzem\u00ed, zat\u00edmco d\u016fm byl vystav\u011bn ve svahu a vstupovalo se do jeho interi\u00e9ru bu\u010f skrze gar\u00e1\u017e, anebo venkovn\u00edm schodi\u0161t\u011bm do prvn\u00edho patra. P\u016fvodn\u00ed gar\u00e1\u017eov\u00e1 vrata byla zhotovena ze d\u0159eva a \u0161lo o klasick\u00e1 vrata k\u0159\u00eddlov\u00e1, se dv\u011bma k\u0159\u00eddly. M\u011bl jsem takov\u00fd dojem, jako kdyby si ta vrata zhotovil p\u016fvodn\u00ed majitel sv\u00e9pomoc\u00ed, p\u016fsobilo to na m\u011b tak, \u017ee mi to p\u0159ipom\u00ednalo typickou \u201eakci na kolen\u011b\u201c bez po\u0159\u00e1dn\u00e9ho vybaven\u00ed.Star\u00e1 vrata tedy byla demontov\u00e1na a nahradila je modern\u00ed technika. Vybrali jsme si v\u00fdklopn\u00e1 gar\u00e1\u017eov\u00e1 vrata, sice jen na ru\u010dn\u00ed pohon, ov\u0161em tak snadno se s vraty manipulovalo, \u017ee jsem tomu st\u011b\u017e\u00ed uv\u011b\u0159il. To ale nebyla jedin\u00e1 v\u00fdhoda tohoto \u0159e\u0161en\u00ed.Parkov\u00e1n\u00ed p\u0159ed vraty. V\u00fdklopn\u00e1 gar\u00e1\u017eov\u00e1 vrata lze vyu\u017e\u00edt tak, \u017ee m\u016f\u017eete vy nebo t\u0159eba va\u0161e n\u00e1v\u0161t\u011bvy parkovat p\u0159\u00edmo p\u0159ed vraty, co\u017e neovlivn\u00ed jejich pohyb. V\u00fdklopn\u00e1 gar\u00e1\u017eov\u00e1 vrata H\u00f6rmann se otev\u00edraj\u00ed dovnit\u0159 a d\u00edky tomu se jich to, co se odehr\u00e1v\u00e1 p\u0159ed gar\u00e1\u017e\u00ed, t\u00e9m\u011b\u0159 net\u00fdk\u00e1.Odkl\u00e1d\u00e1n\u00ed p\u0159edm\u011bt\u016f p\u0159ed vraty. P\u0159edstavte si, \u017ee v\u00e1m p\u0159ivezou objednanou hromadu p\u00edsku, hromadu zahradn\u00ed zeminy nebo hromadu mul\u010dovac\u00ed k\u016fry a vy mus\u00edte tento materi\u00e1l n\u011bkam uklidit, ale moment\u00e1ln\u011b nem\u00e1te \u010das. Jestli\u017ee se materi\u00e1l skl\u00e1d\u00e1 p\u0159\u00edmo p\u0159ed gar\u00e1\u017e\u00ed, kdyby tu byla k\u0159\u00eddlov\u00e1 vrata, nebylo by mo\u017en\u00e9 je otev\u0159\u00edt, zat\u00edmco vrata v\u00fdklopn\u00e1 otev\u0159ete zcela bez probl\u00e9m\u016f.Automatick\u00e9 ovl\u00e1d\u00e1n\u00ed vrat. Zna\u010dn\u00fd bytov\u00fd komfort vn\u00e1\u0161\u00ed ka\u017ed\u00e9mu majiteli gar\u00e1\u017eov\u00fdch vrat H\u00f6rmann i elektrick\u00e9 ovl\u00e1d\u00e1n\u00ed vrat, toto \u0159e\u0161en\u00ed p\u0159ijde vhod tak\u00e9 za de\u0161tiv\u00e9ho po\u010das\u00ed nebo za bou\u0159ky, kdy nechcete vystupovat z auta ven a riskovat bu\u010f namoknut\u00ed a prochladnut\u00ed, anebo z\u00e1sah bleskem.                                                                                                                                                                                                                                                                                                                                                                                          4\/5 - (2 votes)        "},{"@context":"https:\/\/schema.org\/","@type":"BreadcrumbList","itemListElement":[{"@type":"ListItem","position":1,"name":"Jak\u00e1 bych si vybral gar\u00e1\u017eov\u00e1 vrata","item":"https:\/\/www.candid.cz\/jaka-bych-si-vybral-garazova-vrata\/#breadcrumbitem"}]}]