[{"@context":"https:\/\/schema.org\/","@type":"Article","@id":"https:\/\/www.candid.cz\/i-deti-chteji-mobil\/#Article","mainEntityOfPage":"https:\/\/www.candid.cz\/i-deti-chteji-mobil\/","headline":"I d\u011bti cht\u011bj\u00ed mobil","name":"I d\u011bti cht\u011bj\u00ed mobil","description":"Jako mal\u00e1 holka jsem hodn\u011b tou\u017eila po n\u011bjak\u00e9 mobiln\u00edm telefonu. V\u017edy\u0165 ho m\u011bly v\u0161echny moje kamar\u00e1dky a j\u00e1 zas\u00a0byla\u00a0jedin\u00e1, kdo ho nem\u011bl, co\u017e m\u011b docela dost\u00a0\u0161tvalo\u00a0a taky\u00a0z\u00e1rove\u0148 mrzelo. M\u016fj bratr byl sice jenom dva roky star\u0161\u00ed ne\u017e j\u00e1, ale u\u017e m\u011b mobiln\u00ed telefon. Kdy\u017e to tak vezmu zp\u011btn\u011b, tak ho","datePublished":"2022-08-08","dateModified":"2022-08-08","author":{"@type":"Person","@id":"https:\/\/www.candid.cz\/author\/#Person","name":"","url":"https:\/\/www.candid.cz\/author\/","identifier":1,"image":{"@type":"ImageObject","@id":"https:\/\/secure.gravatar.com\/avatar\/2a487990a452554e9d027cbab96c6e6e6d3b119f22a2b3fb9e2bcb7e021cd643?s=96&d=mm&r=g","url":"https:\/\/secure.gravatar.com\/avatar\/2a487990a452554e9d027cbab96c6e6e6d3b119f22a2b3fb9e2bcb7e021cd643?s=96&d=mm&r=g","height":96,"width":96}},"publisher":{"@type":"Organization","name":"candid.cz","logo":{"@type":"ImageObject","@id":"\/logo.png","url":"\/logo.png","width":600,"height":60}},"image":{"@type":"ImageObject","@id":"https:\/\/www.candid.cz\/wp-content\/uploads\/girls-3481791_960_720.jpg","url":"https:\/\/www.candid.cz\/wp-content\/uploads\/girls-3481791_960_720.jpg","height":0,"width":0},"url":"https:\/\/www.candid.cz\/i-deti-chteji-mobil\/","about":["Mobil"],"wordCount":415,"articleBody":"Jako mal\u00e1 holka jsem hodn\u011b tou\u017eila po n\u011bjak\u00e9 mobiln\u00edm telefonu. V\u017edy\u0165 ho m\u011bly v\u0161echny moje kamar\u00e1dky a j\u00e1 zas\u00a0byla\u00a0jedin\u00e1, kdo ho nem\u011bl, co\u017e m\u011b docela dost\u00a0\u0161tvalo\u00a0a taky\u00a0z\u00e1rove\u0148 mrzelo. M\u016fj bratr byl sice jenom dva roky star\u0161\u00ed ne\u017e j\u00e1, ale u\u017e m\u011b mobiln\u00ed telefon. Kdy\u017e to tak vezmu zp\u011btn\u011b, tak ho m\u011bl vlastn\u00ed je\u0161t\u011b d\u0159\u00edve ne\u017e j\u00e1. On ho dostal asi v sedmi letech. To m\u011b hodn\u011b na\u0161tvalo, proto\u017ee j\u00e1 jsem mobiln\u00ed telefon cht\u011bla taky. A kdy\u017e mi bylo dev\u011bt let, tak ani j\u00e1 jsem nem\u011bla mobiln\u00ed telefon. V\u016fbec jsem nech\u00e1pala, co je tohle za spravedlnost. Tak jsem se zeptala m\u00fdch rodi\u010d\u016f, pro\u010d m\u016fj bratr m\u011bl tak brzy mobiln\u00ed telefon a j\u00e1 ne. A moje m\u00e1ma mi \u0159ekla, \u017ee bratr si to pr\u00fd zaslou\u017eil. Nech\u00e1pala jsem, \u010d\u00edm si bratr mobil zaslou\u017eil, aby m\u011bl m\u00edt telefon. A oni mi \u0159ekli, \u017ee soused\u016fm v\u017edycky postupn\u011b odhrnoval v zim\u011b sn\u00edh anebo jim pom\u00e1hal t\u0159eba se sek\u00e1n\u00edm tr\u00e1vy. On tedy p\u0159\u00edmo nesekal tr\u00e1vu, to by mi asi ani nikdo nedovolil,\u00a0vzhledem\u00a0k jeho v\u011bku. Kdy\u017e byl takhle mal\u00fd, tak pouze shrab\u00e1val tr\u00e1vu. Podle m\u00e9ho n\u00e1zoru to bral bratr sp\u00ed\u0161e jenom jako n\u011bjakou hru a rodi\u010de to tak taky brali.A dokonce i sousedi samoz\u0159ejm\u011b. A tak dostal v\u017edycky n\u011bjak\u00fd drobn\u00fd pen\u00edz. Tak\u017ee si potom na\u0161et\u0159il tolik pen\u011bz, aby mu rodi\u010de koupili jeho vysn\u011bn\u00fd mobiln\u00ed telefon\u016f A byl to sice takov\u00fd oby\u010dejn\u00fd telefon, ale u\u017e byl taky takov\u00fd prima, \u017ee m\u011bl fotoapar\u00e1t a taky tam Bratr m\u011bl hr\u00e1t hry. Prost\u011b pro d\u00edt\u011b to byl\u00a0vlastn\u011b\u00a0i docela luxusn\u00ed mobil. Je jasn\u00e9, \u017ee d\u00edt\u011b v p\u011bti letech nem\u016f\u017ee pracovat, ale na\u0161i rodi\u010de \u0159ekli, \u017ee kdy\u017e se bude alespo\u0148 sna\u017eit a bude hodn\u00fd, tak mu mobiln\u00ed telefon koup\u00ed. Zat\u00edmco j\u00e1 jsem pr\u00fd velmi zlobila a ut\u00edkala jsem ze \u0161kolky anebo jsem se doma pr\u00fd hodn\u011b vztekala. Mobiln\u00ed telefon jsem\u00a0tedy\u00a0m\u011bla sice pozd\u011bji, ale to jsem ho m\u011bla zase lep\u0161\u00ed ne\u017e m\u016fj bratr. Alespo\u0148 n\u011bco se mi tedy vyplatilo, tak\u017ee v\u00edm, \u017ee \u010dekat se n\u011bkdy vyplat\u00ed.                                                                                                                                                                                                                                                                                                                                                                                        4.2\/5 - (4 votes)        "},{"@context":"https:\/\/schema.org\/","@type":"BreadcrumbList","itemListElement":[{"@type":"ListItem","position":1,"name":"I d\u011bti cht\u011bj\u00ed mobil","item":"https:\/\/www.candid.cz\/i-deti-chteji-mobil\/#breadcrumbitem"}]}]